{"id":1146,"date":"2016-08-21T22:01:11","date_gmt":"2016-08-21T20:01:11","guid":{"rendered":"http:\/\/johanna.ch\/mysite\/?p=1146"},"modified":"2021-09-07T21:06:46","modified_gmt":"2021-09-07T19:06:46","slug":"johannas-i-have-a-dream","status":"publish","type":"post","link":"https:\/\/www.johanna.ch\/mysite\/2016\/08\/21\/johannas-i-have-a-dream\/","title":{"rendered":"JOHannaS | I have a dream"},"content":{"rendered":"<div class=\"page\" title=\"Page 3\">\n<div class=\"layoutArea\">\n<div class=\"column\">\n<p>\u201eI have a dream\u201c<\/p>\n<\/div>\n<\/div>\n<div class=\"layoutArea\">\n<div class=\"column\">\n<p>Diese vier Worte haben Geschichte geschrieben. Martin Luther King er\u00f6ffnete 1963 mit ihnen seine weltbekannte Rede. Er bahnte damit die Gleichberechtigung der dunkelh\u00e4uti- gen Menschen in den USA an. Einige Jahrzehnte sp\u00e4ter nahm Barack Obama als erster farbiger Pr\u00e4sident diese Worte wieder auf.<\/p>\n<p>\u201eI have a dream\u201c wurde so zum Synonym f\u00fcr Freiheit, Fortschritt, Visionen und Kreativit\u00e4t. All dies geht jedoch nur in der Gemeinschaft, als Teil von einem Ganzen.<\/p>\n<p>Dies ist nicht anders bei den Werken von JO- HannaS. Das Bildmotiv setzt sich aus vielen kleineren Bildern zusammen. Zun\u00e4chst mag man erst das gro\u00dfe Ganze erkennen, doch im Detail erkennt man dann die einzelnen kleineren Motive. Jedes Einzelne tr\u00e4gt so zum Gesamtbild bei, das in der Erscheinung wiederum die Kleineren abbildet.<\/p>\n<p>Ans\u00e4tze dieser visuellen Art von Kunst lassen sich zum einen bei den K\u00fcnstlern der Gruppe \u201eGRAV\u201c in Europa finden, die sich in der Mitte des 20. Jahrhunderts auf rein visuelle Motive konzentriert haben. Sie haben bewusst die Sehgewohnheiten ge\/zerst\u00f6rt, irritierten die Betrachter ihrer Werke zB durch die Anordnung kleinster schwarzen Striche aneinander (Francois Morellet). Zum anderen finden sich solche Ideen in den USA bei K\u00fcnstlern wie Andy Warhol, dessen Motiv teils eine stringente Wiederholung eines bestimmten Motivs innerhalb des Bildes ist.<\/p>\n<\/div>\n<div class=\"column\">\n<p>JOHannaS geht jedoch noch einen Schritt weiter. Sie nimmt nicht nur den Menschen und dessen Schaffen ins Visier ihrer Bildmotive, sondern auch zugleich die Natur selbst. So zeigt dieser Katalog beide, gleichstark ausgepr\u00e4gten Werklinien der K\u00fcnstlerin.<\/p>\n<p>Christopher Naumann<\/p>\n<p>Download von Katalog:\u00a0<a href=\"https:\/\/www.johanna.ch\/mysite\/wp-content\/uploads\/2016\/08\/2016-07-27-Johanna-Schneider.pdf\" target=\"_blank\" rel=\"noopener\">I Have A Dream<\/a><\/p>\n<p>&nbsp;<\/p>\n<\/div>\n<\/div>\n<\/div>\n","protected":false},"excerpt":{"rendered":"<p>\u201eI have a dream\u201c Diese vier Worte haben Geschichte geschrieben. Martin Luther King er\u00f6ffnete 1963 mit ihnen seine weltbekannte Rede. Er bahnte damit die Gleichberechtigung der dunkelh\u00e4uti- gen Menschen in den USA an. Einige Jahrzehnte sp\u00e4ter nahm Barack Obama als erster farbiger Pr\u00e4sident diese Worte wieder auf. \u201eI have a dream\u201c wurde so zum Synonym&#8230;<\/p>\n","protected":false},"author":1,"featured_media":1148,"comment_status":"closed","ping_status":"closed","sticky":false,"template":"","format":"standard","meta":{"_jetpack_memberships_contains_paid_content":false,"footnotes":""},"categories":[14,147],"tags":[],"class_list":["post-1146","post","type-post","status-publish","format-standard","has-post-thumbnail","hentry","category-kataloge","category-medien"],"jetpack_featured_media_url":"https:\/\/i0.wp.com\/www.johanna.ch\/mysite\/wp-content\/uploads\/2016\/08\/IHaveADream.jpg?fit=634%2C633&ssl=1","jetpack_sharing_enabled":true,"_links":{"self":[{"href":"https:\/\/www.johanna.ch\/mysite\/wp-json\/wp\/v2\/posts\/1146","targetHints":{"allow":["GET"]}}],"collection":[{"href":"https:\/\/www.johanna.ch\/mysite\/wp-json\/wp\/v2\/posts"}],"about":[{"href":"https:\/\/www.johanna.ch\/mysite\/wp-json\/wp\/v2\/types\/post"}],"author":[{"embeddable":true,"href":"https:\/\/www.johanna.ch\/mysite\/wp-json\/wp\/v2\/users\/1"}],"replies":[{"embeddable":true,"href":"https:\/\/www.johanna.ch\/mysite\/wp-json\/wp\/v2\/comments?post=1146"}],"version-history":[{"count":6,"href":"https:\/\/www.johanna.ch\/mysite\/wp-json\/wp\/v2\/posts\/1146\/revisions"}],"predecessor-version":[{"id":3100,"href":"https:\/\/www.johanna.ch\/mysite\/wp-json\/wp\/v2\/posts\/1146\/revisions\/3100"}],"wp:featuredmedia":[{"embeddable":true,"href":"https:\/\/www.johanna.ch\/mysite\/wp-json\/wp\/v2\/media\/1148"}],"wp:attachment":[{"href":"https:\/\/www.johanna.ch\/mysite\/wp-json\/wp\/v2\/media?parent=1146"}],"wp:term":[{"taxonomy":"category","embeddable":true,"href":"https:\/\/www.johanna.ch\/mysite\/wp-json\/wp\/v2\/categories?post=1146"},{"taxonomy":"post_tag","embeddable":true,"href":"https:\/\/www.johanna.ch\/mysite\/wp-json\/wp\/v2\/tags?post=1146"}],"curies":[{"name":"wp","href":"https:\/\/api.w.org\/{rel}","templated":true}]}}