{"id":2035,"date":"2019-03-05T09:38:44","date_gmt":"2019-03-05T08:38:44","guid":{"rendered":"http:\/\/johanna.ch\/mysite\/?p=2035"},"modified":"2019-03-05T09:45:34","modified_gmt":"2019-03-05T08:45:34","slug":"sgbk-ausstellung-schloesschen-vorder-bleichenberg-biberist","status":"publish","type":"post","link":"https:\/\/www.johanna.ch\/mysite\/2019\/03\/05\/sgbk-ausstellung-schloesschen-vorder-bleichenberg-biberist\/","title":{"rendered":"SGBK &#8211; Ausstellung Schl\u00f6sschen Vorder-Bleichenberg, Biberist"},"content":{"rendered":"\n<p><strong>Ausstellung vom 10. M\u00e4rz bis 31. M\u00e4rz 2019<\/strong><\/p>\n\n\n\n<p><strong>Vernissage : Sonntag 10. M\u00e4rz 2019 &#8211; 11 Uhr<\/strong><\/p>\n\n\n\n<p><strong>Matin\u00e9e &#8211; Sonntag 17. M\u00e4rz 2019 &#8211; 11 Uhr<\/strong><\/p>\n\n\n\n<figure class=\"wp-block-image\"><img loading=\"lazy\" decoding=\"async\" width=\"1753\" height=\"1240\" src=\"https:\/\/i1.wp.com\/johanna.ch\/mysite\/wp-content\/uploads\/2019\/03\/Earth-laughs-in-Flowers.jpg?fit=1280%2C905\" alt=\"\" class=\"wp-image-2038\" srcset=\"https:\/\/i0.wp.com\/www.johanna.ch\/mysite\/wp-content\/uploads\/2019\/03\/Earth-laughs-in-Flowers.jpg?w=1753&amp;ssl=1 1753w, https:\/\/i0.wp.com\/www.johanna.ch\/mysite\/wp-content\/uploads\/2019\/03\/Earth-laughs-in-Flowers.jpg?resize=600%2C424&amp;ssl=1 600w, https:\/\/i0.wp.com\/www.johanna.ch\/mysite\/wp-content\/uploads\/2019\/03\/Earth-laughs-in-Flowers.jpg?resize=768%2C543&amp;ssl=1 768w, https:\/\/i0.wp.com\/www.johanna.ch\/mysite\/wp-content\/uploads\/2019\/03\/Earth-laughs-in-Flowers.jpg?resize=1280%2C905&amp;ssl=1 1280w\" sizes=\"auto, (max-width: 1280px) 100vw, 1280px\" \/><\/figure>\n\n\n\n<figure class=\"wp-block-image\"><img data-recalc-dims=\"1\" loading=\"lazy\" decoding=\"async\" width=\"1234\" height=\"2592\" src=\"https:\/\/i0.wp.com\/www.johanna.ch\/mysite\/wp-content\/uploads\/2019\/03\/einladung_sgbk_farbig-1.jpg?resize=1234%2C2592&#038;ssl=1\" alt=\"\" class=\"wp-image-2034\" srcset=\"https:\/\/i0.wp.com\/www.johanna.ch\/mysite\/wp-content\/uploads\/2019\/03\/einladung_sgbk_farbig-1.jpg?w=1234&amp;ssl=1 1234w, https:\/\/i0.wp.com\/www.johanna.ch\/mysite\/wp-content\/uploads\/2019\/03\/einladung_sgbk_farbig-1.jpg?resize=600%2C1260&amp;ssl=1 600w, https:\/\/i0.wp.com\/www.johanna.ch\/mysite\/wp-content\/uploads\/2019\/03\/einladung_sgbk_farbig-1.jpg?resize=768%2C1613&amp;ssl=1 768w\" sizes=\"auto, (max-width: 1234px) 100vw, 1234px\" \/><\/figure>\n\n\n\n<p><strong>Finissage Sonntag 31. M\u00e4rz 2019 14 &#8211; 17 Uhr <br><\/strong><\/p>\n","protected":false},"excerpt":{"rendered":"<p>Ausstellung vom 10. M\u00e4rz bis 31. M\u00e4rz 2019 Vernissage : Sonntag 10. M\u00e4rz 2019 &#8211; 11 Uhr Matin\u00e9e &#8211; Sonntag 17. M\u00e4rz 2019 &#8211; 11 Uhr Finissage Sonntag 31. M\u00e4rz 2019 14 &#8211; 17 Uhr<\/p>\n","protected":false},"author":2,"featured_media":2032,"comment_status":"closed","ping_status":"closed","sticky":false,"template":"","format":"standard","meta":{"_jetpack_memberships_contains_paid_content":false,"footnotes":""},"categories":[3],"tags":[],"class_list":["post-2035","post","type-post","status-publish","format-standard","has-post-thumbnail","hentry","category-news"],"jetpack_featured_media_url":"https:\/\/i0.wp.com\/www.johanna.ch\/mysite\/wp-content\/uploads\/2019\/03\/einladung_sgbk_farbig.jpg?fit=1234%2C2592&ssl=1","jetpack_sharing_enabled":true,"_links":{"self":[{"href":"https:\/\/www.johanna.ch\/mysite\/wp-json\/wp\/v2\/posts\/2035","targetHints":{"allow":["GET"]}}],"collection":[{"href":"https:\/\/www.johanna.ch\/mysite\/wp-json\/wp\/v2\/posts"}],"about":[{"href":"https:\/\/www.johanna.ch\/mysite\/wp-json\/wp\/v2\/types\/post"}],"author":[{"embeddable":true,"href":"https:\/\/www.johanna.ch\/mysite\/wp-json\/wp\/v2\/users\/2"}],"replies":[{"embeddable":true,"href":"https:\/\/www.johanna.ch\/mysite\/wp-json\/wp\/v2\/comments?post=2035"}],"version-history":[{"count":2,"href":"https:\/\/www.johanna.ch\/mysite\/wp-json\/wp\/v2\/posts\/2035\/revisions"}],"predecessor-version":[{"id":2039,"href":"https:\/\/www.johanna.ch\/mysite\/wp-json\/wp\/v2\/posts\/2035\/revisions\/2039"}],"wp:featuredmedia":[{"embeddable":true,"href":"https:\/\/www.johanna.ch\/mysite\/wp-json\/wp\/v2\/media\/2032"}],"wp:attachment":[{"href":"https:\/\/www.johanna.ch\/mysite\/wp-json\/wp\/v2\/media?parent=2035"}],"wp:term":[{"taxonomy":"category","embeddable":true,"href":"https:\/\/www.johanna.ch\/mysite\/wp-json\/wp\/v2\/categories?post=2035"},{"taxonomy":"post_tag","embeddable":true,"href":"https:\/\/www.johanna.ch\/mysite\/wp-json\/wp\/v2\/tags?post=2035"}],"curies":[{"name":"wp","href":"https:\/\/api.w.org\/{rel}","templated":true}]}}