{"id":2309,"date":"2020-01-18T14:22:13","date_gmt":"2020-01-18T13:22:13","guid":{"rendered":"http:\/\/johanna.ch\/mysite\/?p=2309"},"modified":"2020-01-18T14:30:59","modified_gmt":"2020-01-18T13:30:59","slug":"einladung-zur-retrospektive-und-buchpraesentation-am-samstag-25-januar-um-1600-uhr-in-der-galerie-am-gleis-77-ch-9240-uzwil","status":"publish","type":"post","link":"https:\/\/www.johanna.ch\/mysite\/2020\/01\/18\/einladung-zur-retrospektive-und-buchpraesentation-am-samstag-25-januar-um-1600-uhr-in-der-galerie-am-gleis-77-ch-9240-uzwil\/","title":{"rendered":"Einladung zur Retrospektive und Buchpr\u00e4sentation am  Samstag 25. Januar um 16:00 Uhr in der Galerie am Gleis 77, CH 9240 Uzwil"},"content":{"rendered":"\n<p><strong>Vernissage und\nBuchpr\u00e4sentation<\/strong><strong>:&nbsp;<\/strong>Samstag 25. Januar\n16 Uhr <\/p>\n\n\n\n<p><strong>Ausstellung: * CODE UND SINNLICHKEIT *<br>Ausstellungsdatum<\/strong>: 25. Januar bis 16. Februar 202 <br><strong>Laudatio<\/strong>: Anja N\u00fctzi-Holtiegel. Pr\u00e4sidentin Verein Galerie am Gleis<br><strong>Musikalische Umrahmung:<\/strong>&nbsp;Duo MiMic, Michelle Falk Querfl\u00f6te und Milena Hofmann keltische Harfe<\/p>\n\n\n\n<p><strong>Buchpr\u00e4sentation<\/strong>: Johanna\nSchneider stellt ihr Buch, \u00fcber 25 Jahre k\u00fcnstlerisches Schaffen, pers\u00f6nlich\nvor. <\/p>\n\n\n\n<p><strong>Finissage: Sonntag 16. Februar 14 \u2013 17 Uhr <\/strong><br><strong>Adresse<\/strong>: Galerie am Gleis, Bahnhofstrasse 77, CH-9240 Uzwil&nbsp;<\/p>\n\n\n\n<p><br> <strong>\u00d6ffnungszeiten: &nbsp;&nbsp; Freitag 16-19 Uhr  &#8211; Samstag 11-15 Uhr &#8211; <\/strong><br><strong>                                    Sonntag 14-17 Uhr   <\/strong><\/p>\n\n\n\n<p><strong>Die K\u00fcnstlerin ist an der Vernissage\/Finissage und an  den folgenden Tagen anwesend: <\/strong><\/p>\n\n\n\n<p>Freitag 31.1. \u2013 16-19 Uhr<br>Sonntag 02.02. 14-17 Uhr <br>Samstag 08.02 \u2013 11-15 Uhr <\/p>\n\n\n\n<figure class=\"wp-block-image\"><img data-recalc-dims=\"1\" loading=\"lazy\" decoding=\"async\" width=\"1280\" height=\"461\" src=\"https:\/\/i0.wp.com\/www.johanna.ch\/mysite\/wp-content\/uploads\/2020\/01\/DruckCoverDef-2.jpeg?resize=1280%2C461&#038;ssl=1\" alt=\"\" class=\"wp-image-2310\" srcset=\"https:\/\/i0.wp.com\/www.johanna.ch\/mysite\/wp-content\/uploads\/2020\/01\/DruckCoverDef-2.jpeg?resize=1280%2C461&amp;ssl=1 1280w, https:\/\/i0.wp.com\/www.johanna.ch\/mysite\/wp-content\/uploads\/2020\/01\/DruckCoverDef-2.jpeg?resize=600%2C216&amp;ssl=1 600w, https:\/\/i0.wp.com\/www.johanna.ch\/mysite\/wp-content\/uploads\/2020\/01\/DruckCoverDef-2.jpeg?resize=768%2C276&amp;ssl=1 768w, https:\/\/i0.wp.com\/www.johanna.ch\/mysite\/wp-content\/uploads\/2020\/01\/DruckCoverDef-2.jpeg?w=2560&amp;ssl=1 2560w, https:\/\/i0.wp.com\/www.johanna.ch\/mysite\/wp-content\/uploads\/2020\/01\/DruckCoverDef-2.jpeg?w=3840&amp;ssl=1 3840w\" sizes=\"auto, (max-width: 1280px) 100vw, 1280px\" \/><figcaption><strong>Ein K\u00fcnstlerLeben <\/strong><\/figcaption><\/figure>\n\n\n\n<figure class=\"wp-block-image\"><img data-recalc-dims=\"1\" loading=\"lazy\" decoding=\"async\" width=\"620\" height=\"877\" src=\"https:\/\/i0.wp.com\/www.johanna.ch\/mysite\/wp-content\/uploads\/2020\/01\/Galerie-am-Gleis-66-Einladungskarte.jpg?resize=620%2C877&#038;ssl=1\" alt=\"\" class=\"wp-image-2311\" srcset=\"https:\/\/i0.wp.com\/www.johanna.ch\/mysite\/wp-content\/uploads\/2020\/01\/Galerie-am-Gleis-66-Einladungskarte.jpg?w=620&amp;ssl=1 620w, https:\/\/i0.wp.com\/www.johanna.ch\/mysite\/wp-content\/uploads\/2020\/01\/Galerie-am-Gleis-66-Einladungskarte.jpg?resize=600%2C849&amp;ssl=1 600w\" sizes=\"auto, (max-width: 620px) 100vw, 620px\" \/><\/figure>\n","protected":false},"excerpt":{"rendered":"<p>Vernissage und Buchpr\u00e4sentation:&nbsp;Samstag 25. Januar 16 Uhr Ausstellung: * CODE UND SINNLICHKEIT *Ausstellungsdatum: 25. Januar bis 16. Februar 202 Laudatio: Anja N\u00fctzi-Holtiegel. Pr\u00e4sidentin Verein Galerie am GleisMusikalische Umrahmung:&nbsp;Duo MiMic, Michelle Falk Querfl\u00f6te und Milena Hofmann keltische Harfe Buchpr\u00e4sentation: Johanna Schneider stellt ihr Buch, \u00fcber 25 Jahre k\u00fcnstlerisches Schaffen, pers\u00f6nlich vor. Finissage: Sonntag 16. Februar 14&#8230;<\/p>\n","protected":false},"author":2,"featured_media":2311,"comment_status":"closed","ping_status":"closed","sticky":false,"template":"","format":"standard","meta":{"_jetpack_memberships_contains_paid_content":false,"footnotes":""},"categories":[3],"tags":[],"class_list":["post-2309","post","type-post","status-publish","format-standard","has-post-thumbnail","hentry","category-news"],"jetpack_featured_media_url":"https:\/\/i0.wp.com\/www.johanna.ch\/mysite\/wp-content\/uploads\/2020\/01\/Galerie-am-Gleis-66-Einladungskarte.jpg?fit=620%2C877&ssl=1","jetpack_sharing_enabled":true,"_links":{"self":[{"href":"https:\/\/www.johanna.ch\/mysite\/wp-json\/wp\/v2\/posts\/2309","targetHints":{"allow":["GET"]}}],"collection":[{"href":"https:\/\/www.johanna.ch\/mysite\/wp-json\/wp\/v2\/posts"}],"about":[{"href":"https:\/\/www.johanna.ch\/mysite\/wp-json\/wp\/v2\/types\/post"}],"author":[{"embeddable":true,"href":"https:\/\/www.johanna.ch\/mysite\/wp-json\/wp\/v2\/users\/2"}],"replies":[{"embeddable":true,"href":"https:\/\/www.johanna.ch\/mysite\/wp-json\/wp\/v2\/comments?post=2309"}],"version-history":[{"count":3,"href":"https:\/\/www.johanna.ch\/mysite\/wp-json\/wp\/v2\/posts\/2309\/revisions"}],"predecessor-version":[{"id":2316,"href":"https:\/\/www.johanna.ch\/mysite\/wp-json\/wp\/v2\/posts\/2309\/revisions\/2316"}],"wp:featuredmedia":[{"embeddable":true,"href":"https:\/\/www.johanna.ch\/mysite\/wp-json\/wp\/v2\/media\/2311"}],"wp:attachment":[{"href":"https:\/\/www.johanna.ch\/mysite\/wp-json\/wp\/v2\/media?parent=2309"}],"wp:term":[{"taxonomy":"category","embeddable":true,"href":"https:\/\/www.johanna.ch\/mysite\/wp-json\/wp\/v2\/categories?post=2309"},{"taxonomy":"post_tag","embeddable":true,"href":"https:\/\/www.johanna.ch\/mysite\/wp-json\/wp\/v2\/tags?post=2309"}],"curies":[{"name":"wp","href":"https:\/\/api.w.org\/{rel}","templated":true}]}}