{"id":2440,"date":"2020-03-23T20:08:08","date_gmt":"2020-03-23T19:08:08","guid":{"rendered":"http:\/\/johanna.ch\/mysite\/?p=2440"},"modified":"2021-09-07T21:06:46","modified_gmt":"2021-09-07T19:06:46","slug":"fuenundzwanzig-aus-achtzig","status":"publish","type":"post","link":"https:\/\/www.johanna.ch\/mysite\/2020\/03\/23\/fuenundzwanzig-aus-achtzig\/","title":{"rendered":"F\u00fcnundzwanzig aus achtzig"},"content":{"rendered":"\n<figure class=\"wp-block-image size-large\"><img data-recalc-dims=\"1\" loading=\"lazy\" decoding=\"async\" width=\"1280\" height=\"868\" src=\"https:\/\/i0.wp.com\/www.johanna.ch\/mysite\/wp-content\/uploads\/2020\/09\/BuchdeckelJohanna.jpeg?resize=1280%2C868&#038;ssl=1\" alt=\"\" class=\"wp-image-2643\" srcset=\"https:\/\/i0.wp.com\/www.johanna.ch\/mysite\/wp-content\/uploads\/2020\/09\/BuchdeckelJohanna-scaled.jpeg?resize=1280%2C868&amp;ssl=1 1280w, https:\/\/i0.wp.com\/www.johanna.ch\/mysite\/wp-content\/uploads\/2020\/09\/BuchdeckelJohanna-scaled.jpeg?resize=600%2C407&amp;ssl=1 600w, https:\/\/i0.wp.com\/www.johanna.ch\/mysite\/wp-content\/uploads\/2020\/09\/BuchdeckelJohanna-scaled.jpeg?resize=768%2C521&amp;ssl=1 768w, https:\/\/i0.wp.com\/www.johanna.ch\/mysite\/wp-content\/uploads\/2020\/09\/BuchdeckelJohanna-scaled.jpeg?resize=1536%2C1041&amp;ssl=1 1536w, https:\/\/i0.wp.com\/www.johanna.ch\/mysite\/wp-content\/uploads\/2020\/09\/BuchdeckelJohanna-scaled.jpeg?resize=2048%2C1388&amp;ssl=1 2048w, https:\/\/i0.wp.com\/www.johanna.ch\/mysite\/wp-content\/uploads\/2020\/09\/BuchdeckelJohanna-scaled.jpeg?w=2560&amp;ssl=1 2560w\" sizes=\"auto, (max-width: 1280px) 100vw, 1280px\" \/><\/figure>\n\n\n\n<h2 class=\"wp-block-heading\">Ein K\u00fcnstlerLeben<\/h2>\n\n\n\n<p>Retrospektive eines facettenreichen Lebens der international bekannten Schweizer K\u00fcnstlerin JOHannaS.&nbsp;<br>Auf mehr als 200 Seiten bringt JOHannaS, als weitgereiste K\u00fcnstlerin, ihr turbulentes Leben und vor allem die letzten 25 Jahre ihrer Intensiv gelebten Kunst gekonnt und detailliert zu Papier.&nbsp;<br>Ein inspirierendes Werk \u2013 das Einblick in ihr Leben und Schaffen gibt. Illustriert mit Hunderten von Bildern werden ihre verschiedenen Projekte und Arbeiten aufgef\u00fchrt und beschrieben. Das Buch zeigt einen Querschnitt aus ihrem breiten Bilderspektrum von abstrakt bis digital und gibt eine \u00dcbersicht ihrer zahlreichen internationalen Ausstellungen und Messebeteiligungen.<\/p>\n\n\n\n<p>Preis: \u20ac 45.- (CHF 48.-)<\/p>\n\n\n\n<h4 class=\"wp-block-heading\"><a href=\"https:\/\/www.johanna.ch\/mysite\/bestellung-katalog\/\" target=\"_blank\" rel=\"noreferrer noopener\">Buchbestellung<\/a><\/h4>\n\n\n\n<p><\/p>\n","protected":false},"excerpt":{"rendered":"<p>Ein K\u00fcnstlerLeben Retrospektive eines facettenreichen Lebens der international bekannten Schweizer K\u00fcnstlerin JOHannaS.&nbsp;Auf mehr als 200 Seiten bringt JOHannaS, als weitgereiste K\u00fcnstlerin, ihr turbulentes Leben und vor allem die letzten 25 Jahre ihrer Intensiv gelebten Kunst gekonnt und detailliert zu Papier.&nbsp;Ein inspirierendes Werk \u2013 das Einblick in ihr Leben und Schaffen gibt. Illustriert mit Hunderten von&#8230;<\/p>\n","protected":false},"author":1,"featured_media":2310,"comment_status":"closed","ping_status":"closed","sticky":false,"template":"","format":"standard","meta":{"_jetpack_memberships_contains_paid_content":false,"footnotes":""},"categories":[14,147,3],"tags":[],"class_list":["post-2440","post","type-post","status-publish","format-standard","has-post-thumbnail","hentry","category-kataloge","category-medien","category-news"],"jetpack_featured_media_url":"https:\/\/i0.wp.com\/www.johanna.ch\/mysite\/wp-content\/uploads\/2020\/01\/DruckCoverDef-2.jpeg?fit=7087%2C2551&ssl=1","jetpack_sharing_enabled":true,"_links":{"self":[{"href":"https:\/\/www.johanna.ch\/mysite\/wp-json\/wp\/v2\/posts\/2440","targetHints":{"allow":["GET"]}}],"collection":[{"href":"https:\/\/www.johanna.ch\/mysite\/wp-json\/wp\/v2\/posts"}],"about":[{"href":"https:\/\/www.johanna.ch\/mysite\/wp-json\/wp\/v2\/types\/post"}],"author":[{"embeddable":true,"href":"https:\/\/www.johanna.ch\/mysite\/wp-json\/wp\/v2\/users\/1"}],"replies":[{"embeddable":true,"href":"https:\/\/www.johanna.ch\/mysite\/wp-json\/wp\/v2\/comments?post=2440"}],"version-history":[{"count":3,"href":"https:\/\/www.johanna.ch\/mysite\/wp-json\/wp\/v2\/posts\/2440\/revisions"}],"predecessor-version":[{"id":2651,"href":"https:\/\/www.johanna.ch\/mysite\/wp-json\/wp\/v2\/posts\/2440\/revisions\/2651"}],"wp:featuredmedia":[{"embeddable":true,"href":"https:\/\/www.johanna.ch\/mysite\/wp-json\/wp\/v2\/media\/2310"}],"wp:attachment":[{"href":"https:\/\/www.johanna.ch\/mysite\/wp-json\/wp\/v2\/media?parent=2440"}],"wp:term":[{"taxonomy":"category","embeddable":true,"href":"https:\/\/www.johanna.ch\/mysite\/wp-json\/wp\/v2\/categories?post=2440"},{"taxonomy":"post_tag","embeddable":true,"href":"https:\/\/www.johanna.ch\/mysite\/wp-json\/wp\/v2\/tags?post=2440"}],"curies":[{"name":"wp","href":"https:\/\/api.w.org\/{rel}","templated":true}]}}