{"id":2674,"date":"2020-10-28T16:30:43","date_gmt":"2020-10-28T15:30:43","guid":{"rendered":"http:\/\/johanna.ch\/mysite\/?p=2674"},"modified":"2020-10-28T16:39:57","modified_gmt":"2020-10-28T15:39:57","slug":"limmex-markenbotschafterin","status":"publish","type":"post","link":"https:\/\/www.johanna.ch\/mysite\/2020\/10\/28\/limmex-markenbotschafterin\/","title":{"rendered":"LIMMEX Markenbotschafterin"},"content":{"rendered":"\n<p><strong>Titel: <\/strong>Farbenfroh und facettenreich \u2013 Johannas K\u00fcnstlerleben<\/p>\n\n\n\n<p>Johanna Schneider, amtierende Limmex-Medaille Gewinnerin in der Kategorie Kultur, ist mit ihrer innovativen Kunst weltber\u00fchmt. Ganz dem informationszeitalter entsprechend kreiert sie Werke auf digitaler Weise und hat sich mit ihrer autodidaktisch selbstentwickelten Technik <em>\u201cPhotopaintings Mosaics digital\u201d<\/em> einen Namen gemacht. Nebst der Kunst geh\u00f6rt aber auch das Reisen zu ihren Leidenschaften. Denn diese sind ihre gr\u00f6ssten Inspirationsquellen. Ihre Eindr\u00fccke und Wahrnehmung aus der Welt spiegelt sie gekonnt in ihren Kunstwerken wider.<\/p>\n\n\n\n<p>Nun hat sie ihr turbulentes Leben auf Papier niedergeschrieben. Wunderbar illustriert mit ihren eigenen Werken. Auf mehr als 200 Seiten erz\u00e4hlt die 80-j\u00e4hrige von ihrem intensiven Leben als K\u00fcnstlerin. Im Fokus stehen die letzten 25 Jahre. Daher der Titel \u00abF\u00fcnfundzwanzig aus Achtzig\u00bb.<\/p>\n\n\n\n<p>Wir hatten die Ehre, unsere Markenbotschafterin bei uns in Z\u00fcrich zu begr\u00fcssen. In ihrer Buchpr\u00e4sentation haben wir einen ganz pers\u00f6nlichen Eindruck in ihre letzten 25 Jahre erhalten. So farbenfroh und facettenreich wie ihre Werke sind, so ist auch ihr Leben als K\u00fcnstlerin. Johanna durfte schon in weitentfernte L\u00e4nder reisen und ihre Werke pr\u00e4sentieren. Von Seoul bis New York, von Beijing bis Basel und wieder zur\u00fcck. Das Buch nimmt Sie auf eine Reise in ihre Vergangenheit mit.<\/p>\n\n\n\n<p>Johanna beeindruckt als K\u00fcnstlerin. Aber auch als weltoffene und inspirierende Pers\u00f6nlichkeit. Falls Sie noch mehr \u00fcber Johanna erfahren m\u00f6chten, erhalten sie direkt \u00fcber <a href=\"http:\/\/www.johanna.ch\">www.johanna.ch<\/a> weitere Informationen zu ihrem Buch und sie als K\u00fcnstlerin.<\/p>\n\n\n\n<figure class=\"wp-block-image size-large\"><img data-recalc-dims=\"1\" loading=\"lazy\" decoding=\"async\" width=\"1280\" height=\"510\" src=\"https:\/\/i0.wp.com\/www.johanna.ch\/mysite\/wp-content\/uploads\/2020\/10\/2020-Feel-Save-Limmex-2.jpg?resize=1280%2C510&#038;ssl=1\" alt=\"\" class=\"wp-image-2677\" srcset=\"https:\/\/i0.wp.com\/www.johanna.ch\/mysite\/wp-content\/uploads\/2020\/10\/2020-Feel-Save-Limmex-2.jpg?resize=1280%2C510&amp;ssl=1 1280w, https:\/\/i0.wp.com\/www.johanna.ch\/mysite\/wp-content\/uploads\/2020\/10\/2020-Feel-Save-Limmex-2.jpg?resize=600%2C239&amp;ssl=1 600w, https:\/\/i0.wp.com\/www.johanna.ch\/mysite\/wp-content\/uploads\/2020\/10\/2020-Feel-Save-Limmex-2.jpg?resize=768%2C306&amp;ssl=1 768w, https:\/\/i0.wp.com\/www.johanna.ch\/mysite\/wp-content\/uploads\/2020\/10\/2020-Feel-Save-Limmex-2.jpg?resize=1536%2C612&amp;ssl=1 1536w, https:\/\/i0.wp.com\/www.johanna.ch\/mysite\/wp-content\/uploads\/2020\/10\/2020-Feel-Save-Limmex-2.jpg?resize=2048%2C815&amp;ssl=1 2048w\" sizes=\"auto, (max-width: 1280px) 100vw, 1280px\" \/><\/figure>\n\n\n\n<figure class=\"wp-block-image size-large\"><img data-recalc-dims=\"1\" loading=\"lazy\" decoding=\"async\" width=\"1280\" height=\"1707\" src=\"https:\/\/i0.wp.com\/www.johanna.ch\/mysite\/wp-content\/uploads\/2020\/10\/2020-Limmex-Plakat-1.jpeg?resize=1280%2C1707&#038;ssl=1\" alt=\"\" class=\"wp-image-2676\" srcset=\"https:\/\/i0.wp.com\/www.johanna.ch\/mysite\/wp-content\/uploads\/2020\/10\/2020-Limmex-Plakat-1.jpeg?resize=1280%2C1707&amp;ssl=1 1280w, https:\/\/i0.wp.com\/www.johanna.ch\/mysite\/wp-content\/uploads\/2020\/10\/2020-Limmex-Plakat-1.jpeg?resize=600%2C800&amp;ssl=1 600w, https:\/\/i0.wp.com\/www.johanna.ch\/mysite\/wp-content\/uploads\/2020\/10\/2020-Limmex-Plakat-1.jpeg?resize=768%2C1024&amp;ssl=1 768w, https:\/\/i0.wp.com\/www.johanna.ch\/mysite\/wp-content\/uploads\/2020\/10\/2020-Limmex-Plakat-1.jpeg?resize=1152%2C1536&amp;ssl=1 1152w, https:\/\/i0.wp.com\/www.johanna.ch\/mysite\/wp-content\/uploads\/2020\/10\/2020-Limmex-Plakat-1.jpeg?w=1536&amp;ssl=1 1536w\" sizes=\"auto, (max-width: 1280px) 100vw, 1280px\" \/><\/figure>\n","protected":false},"excerpt":{"rendered":"<p>Titel: Farbenfroh und facettenreich \u2013 Johannas K\u00fcnstlerleben Johanna Schneider, amtierende Limmex-Medaille Gewinnerin in der Kategorie Kultur, ist mit ihrer innovativen Kunst weltber\u00fchmt. Ganz dem informationszeitalter entsprechend kreiert sie Werke auf digitaler Weise und hat sich mit ihrer autodidaktisch selbstentwickelten Technik \u201cPhotopaintings Mosaics digital\u201d einen Namen gemacht. Nebst der Kunst geh\u00f6rt aber auch das Reisen zu&#8230;<\/p>\n","protected":false},"author":2,"featured_media":2678,"comment_status":"closed","ping_status":"closed","sticky":false,"template":"","format":"standard","meta":{"_jetpack_memberships_contains_paid_content":false,"footnotes":""},"categories":[3],"tags":[],"class_list":["post-2674","post","type-post","status-publish","format-standard","has-post-thumbnail","hentry","category-news"],"jetpack_featured_media_url":"https:\/\/i0.wp.com\/www.johanna.ch\/mysite\/wp-content\/uploads\/2020\/10\/Limmex-Buch1.jpg?fit=800%2C1204&ssl=1","jetpack_sharing_enabled":true,"_links":{"self":[{"href":"https:\/\/www.johanna.ch\/mysite\/wp-json\/wp\/v2\/posts\/2674","targetHints":{"allow":["GET"]}}],"collection":[{"href":"https:\/\/www.johanna.ch\/mysite\/wp-json\/wp\/v2\/posts"}],"about":[{"href":"https:\/\/www.johanna.ch\/mysite\/wp-json\/wp\/v2\/types\/post"}],"author":[{"embeddable":true,"href":"https:\/\/www.johanna.ch\/mysite\/wp-json\/wp\/v2\/users\/2"}],"replies":[{"embeddable":true,"href":"https:\/\/www.johanna.ch\/mysite\/wp-json\/wp\/v2\/comments?post=2674"}],"version-history":[{"count":2,"href":"https:\/\/www.johanna.ch\/mysite\/wp-json\/wp\/v2\/posts\/2674\/revisions"}],"predecessor-version":[{"id":2681,"href":"https:\/\/www.johanna.ch\/mysite\/wp-json\/wp\/v2\/posts\/2674\/revisions\/2681"}],"wp:featuredmedia":[{"embeddable":true,"href":"https:\/\/www.johanna.ch\/mysite\/wp-json\/wp\/v2\/media\/2678"}],"wp:attachment":[{"href":"https:\/\/www.johanna.ch\/mysite\/wp-json\/wp\/v2\/media?parent=2674"}],"wp:term":[{"taxonomy":"category","embeddable":true,"href":"https:\/\/www.johanna.ch\/mysite\/wp-json\/wp\/v2\/categories?post=2674"},{"taxonomy":"post_tag","embeddable":true,"href":"https:\/\/www.johanna.ch\/mysite\/wp-json\/wp\/v2\/tags?post=2674"}],"curies":[{"name":"wp","href":"https:\/\/api.w.org\/{rel}","templated":true}]}}